{"id":3118,"date":"2025-04-13T19:56:26","date_gmt":"2025-04-13T11:56:26","guid":{"rendered":"https:\/\/support.evoto.ai\/?p=3118"},"modified":"2025-07-25T21:40:57","modified_gmt":"2025-07-25T13:40:57","slug":"crop-es","status":"publish","type":"post","link":"https:\/\/support.evoto.ai\/es\/crop-es\/","title":{"rendered":"Recortar"},"content":{"rendered":"<header><\/header>\n<div style=\"margin-top: 20px;\">\n<p><span style=\"font-size: 16px;\">Evoto te permite recortar la imagen en tres tipos diferentes: relaci\u00f3n fija, tama\u00f1o libre o tama\u00f1o de entrada. Despu\u00e9s de terminar el recorte, haz clic en <strong>Aceptar <\/strong>en la esquina inferior derecha para guardar el resultado del recorte.<\/span><\/p>\n<p><span style=\"font-size: 16px;\"><strong>Original \u2013 <\/strong>Puedes seleccionar el tama\u00f1o original como lo ingresaste en Evoto.<\/span><\/p>\n<p><span style=\"font-size: 16px;\"><strong>Relaci\u00f3n Original \u2013 <\/strong>El tama\u00f1o de c\u00f3mo se tom\u00f3 la imagen.<\/span><\/p>\n<p><span style=\"font-size: 16px;\"><strong>Proporci\u00f3n Fija \u2013 <\/strong>Puedes ingresar la relaci\u00f3n (ingresar el valor de ancho y alto fijo) que desees, para mover y recortar la imagen.<\/span><\/p>\n<p><span style=\"font-size: 16px;\"><strong>Anch. x Alt. x Res.\u2013 <\/strong>Ingresa el ancho y alto fijos con resoluci\u00f3n para recortar. La unidad de pulgada ahora est\u00e1 disponible para el recorte Ancho * Alto * Resoluci\u00f3n.<\/span><\/p>\n<div style=\"text-align: center; margin: 20px 0;\">\n<figure style=\"margin: 0; padding: 0;\"><img decoding=\"async\" style=\"max-width: 60%; display: block; margin: 0 auto;\" src=\"https:\/\/res.evoto.ai\/wordpress\/7f82656c-a128-4530-aabb-10d34a9e5773.png\" alt=\"\" \/><\/figure>\n<\/div>\n<p><span style=\"font-size: 16px;\">Tambi\u00e9n proporcionamos diferentes tama\u00f1os est\u00e1ndar para que elijas.<\/span><\/p>\n<h1><span style=\"font-size: 24px;\">Recortar Foto de Cara con IA<\/span><\/h1>\n<div style=\"text-align: center; margin: 20px 0;\">\n<figure style=\"margin: 0; padding: 0;\"><img decoding=\"async\" style=\"max-width: 60%; display: block; margin: 0 auto;\" src=\"https:\/\/res.evoto.ai\/wordpress\/03742794-f51c-4e24-b4f7-5d49ffe9f094.png\" alt=\"\" \/><\/figure>\n<\/div>\n<p><span style=\"font-size: 16px;\"><strong>Dimensiones de la Imagen:<\/strong> Cuadro de entrada de Resoluci\u00f3n W x H en la secci\u00f3n de Recorte de Retrato de Cabeza con IA.<\/span><\/p>\n<p><span style=\"font-size: 16px;\"><strong>Localizaci\u00f3n Facial IA<\/strong>: Establece configuraciones de posici\u00f3n de la cara.<\/span><\/p>\n<ul style=\"padding-left: 20px;\">\n<li><span style=\"font-size: 16px;\"><strong>\u00c1rea de la Cabeza:<\/strong> Dos opciones: \u00abCara (Barbilla a la Parte Superior de la Cabeza)\u00bb &#8211; por defecto, y \u00abCara + Parte Superior\u00bb.<\/span><span style=\"font-size: 16px;\">Cara: Cara + Pelo.<\/span><span style=\"font-size: 16px;\">Cara + Parte Superior: Cara + pelo + sombrero u otro accesorio de cabello.<\/span><\/li>\n<li><span style=\"font-size: 16px;\"><strong>Margen Superior: <\/strong>Se refiere a la proporci\u00f3n de la distancia entre la parte superior de la cabeza y la parte superior de la foto.<\/span><\/li>\n<li><span style=\"font-size: 16px;\"><strong>Tama\u00f1o de la Cabeza:<\/strong> Se refiere a la proporci\u00f3n del tama\u00f1o de la cabeza en la foto.<\/span><\/li>\n<li><span style=\"font-size: 16px;\"><strong>Posici\u00f3n Horizontal de Cara:<\/strong> El centro de la cara es el origen, definiendo si la cara est\u00e1 en el centro horizontal de la imagen recortada. Por defecto es 50. En 50, el centro de la cara coincide con el centro horizontal de la imagen. En 25, el lado izquierdo de la cara est\u00e1 cerca del lado izquierdo de la imagen. En 75, el lado derecho de la cara est\u00e1 cerca del lado derecho de la imagen.<\/span><\/li>\n<\/ul>\n<div style=\"background-color: #f7f7f7; padding: 10px 10px 10px 25px; border-radius: 5px; margin: 15px 0; border-left: 4px solid #787878;\">\n<p><span style=\"font-size: 16px;\">En \u00abRecorte de Retrato con IA\u00bb, si el n\u00famero de personas en la imagen es mayor que uno o el \u00e1ngulo de inclinaci\u00f3n de la cara es superior a 75 grados, esta funci\u00f3n y sus opciones de submen\u00fa aparecer\u00e1n deshabilitadas.<\/span><\/p>\n<p><span style=\"color: red; font-size: 16px;\">Las configuraciones de dimensiones de la imagen y de la posici\u00f3n de la cara no pueden estar vac\u00edas.<\/span><\/p>\n<p><span style=\"font-size: 16px;\">Al configurar la posici\u00f3n y la proporci\u00f3n de la cara, el marco de recorte estar\u00e1 limitado por la cara y el tama\u00f1o correspondiente de la imagen. Cuando el valor del deslizador exceda el rango permitido, se ajustar\u00e1 autom\u00e1ticamente al umbral permitido.<\/span><\/p>\n<p><span style=\"font-size: 16px;\">Cuando el marco de recorte se mueve o redimensiona m\u00e1s all\u00e1 del rango donde se puede calcular la cara, todo el m\u00f3dulo de posici\u00f3n de la cara se desactivar\u00e1. Al soltar el rat\u00f3n, el marco de recorte volver\u00e1 a la posici\u00f3n inicial.<\/span><\/p>\n<\/div>\n<p><span style=\"font-size: 16px;\"><strong>Casos Excepcionales de Sincronizaci\u00f3n:<\/strong><\/span><\/p>\n<p><span style=\"font-size: 16px;\">Al sincronizar ajustes de la Imagen A a la Imagen B, se deben tener en cuenta las siguientes situaciones:<\/span><\/p>\n<ul style=\"padding-left: 20px;\">\n<li><span style=\"font-size: 16px;\"><strong>Inclinaci\u00f3n de la Cara en la Imagen B Excede el Umbral<\/strong><\/span><\/li>\n<li><span style=\"font-size: 16px;\"><strong>Sin Cara o M\u00e1s de una Cara en la Imagen B<\/strong><\/span><\/li>\n<\/ul>\n<p><span style=\"font-size: 16px;\">En estos dos escenarios, el recorte no se sincronizar\u00e1.<\/span><\/p>\n<p><span style=\"font-size: 16px;\">Cuando los valores establecidos en la Imagen A se sincronizan con la Imagen B y exceden el rango efectivo de la Imagen B, el recorte se ajustar\u00e1 seg\u00fan los valores umbrales que la Imagen B puede alcanzar.<\/span><\/p>\n<p><span style=\"font-size: 16px;\"><strong>Preajuste de Recorte:<\/strong><\/span><\/p>\n<p><span style=\"font-size: 16px;\">Haz clic en el bot\u00f3n \u00abGuardar\u00bb para guardar el preajuste. Esta configuraci\u00f3n se guardar\u00e1 como un par\u00e1metro preajustado, siguiendo el mismo proceso que el de guardar un preajuste de recorte regular.<\/span><\/p>\n<p><span style=\"font-size: 16px;\">Para las fotos de retratos con IA, habr\u00e1 dos entradas para los preajustes guardados: una en el men\u00fa desplegable para el Recorte de Foto de Cara con IA y otra en el men\u00fa desplegable para Mis Preajustes de Recorte. Cuando un usuario elimina el preajuste del men\u00fa desplegable Mis Preajustes de Recorte, tambi\u00e9n se eliminar\u00e1 del men\u00fa de Recorte de Foto de Cara con IA.<\/span><\/p>\n<p><span style=\"font-size: 16px;\"><strong>Optimizaci\u00f3n<\/strong><\/span><\/p>\n<p><span style=\"font-size: 16px;\">En las opciones de proporciones fijas (1:1, 4:5, 5:7, 2:3, 16:9, 1.91:1, 2:1, 3:1, 4:3, Anch. x Alt. x Res, Foto de ID), se ha a\u00f1adido un nuevo interruptor de Localizaci\u00f3n Facial con IA. Esto permite recortes autom\u00e1ticos basados en la posici\u00f3n del rostro.<\/span><\/p>\n<p><span style=\"font-size: 16px;\">Al activarlo, aparece la nueva opci\u00f3n \u00abCara\u00bb en el men\u00fa desplegable de \u00c1rea de Cabeza, que enfoca solo la cara (la opci\u00f3n \u201cCabeza\u201d incluye rostro y cabello). Se permite arrastrar los bordes del marco de recorte para ajustar la relaci\u00f3n de aspecto.<\/span><\/p>\n<div style=\"background-color: #f7f7f7; padding: 10px 10px 10px 25px; border-radius: 5px; margin: 15px 0; border-left: 4px solid #787878;\">\n<p><span style=\"font-size: 16px;\">En el recorte por Anch. x Alt. x Resoluci\u00f3n\/Foto de ID se puede personalizar la resoluci\u00f3n.<\/span><\/p>\n<h1><span style=\"font-size: 16px;\">En otros modos, el recorte se basa en la resoluci\u00f3n original.<\/span><\/h1>\n<\/div>\n<h1><span style=\"font-size: 24px;\" data-sheets-root=\"1\">Optimizaci\u00f3n del Recorte<\/span><\/h1>\n<h2><span style=\"font-size: 20px;\" data-sheets-root=\"1\">Localizaci\u00f3n por IA<\/span><\/h2>\n<p><span data-sheets-root=\"1\">Ahora detecta sujetos completos y ajusta su posici\u00f3n relativa dentro del recorte seg\u00fan: <\/span><\/p>\n<ul>\n<li><span data-sheets-root=\"1\">Ubicaci\u00f3n del Sujeto<\/span><\/li>\n<li><span data-sheets-root=\"1\">Ubicaci\u00f3n del Rostro<\/span><\/li>\n<\/ul>\n<p><span data-sheets-root=\"1\"><span style=\"font-size: 20px;\">Alineaci\u00f3n Autom\u00e1tica de Personas (solo fotos de una persona):<\/span><\/span><\/p>\n<ul>\n<li><span data-sheets-root=\"1\">Alineaci\u00f3n vertical seg\u00fan el eje central del sujeto<\/span><\/li>\n<li><span data-sheets-root=\"1\">Alineaci\u00f3n horizontal seg\u00fan la l\u00ednea de los ojos<\/span><\/li>\n<\/ul>\n<\/div>\n","protected":false},"excerpt":{"rendered":"<p>Evoto te permite recortar la imagen en tres tipos diferentes: relaci\u00f3n fija, tama\u00f1o libre o tama\u00f1o de entrada. Despu\u00e9s de terminar el recorte, haz clic en Aceptar en la esquina inferior derecha para guardar el resultado del recorte. Original \u2013 Puedes seleccionar el tama\u00f1o original como lo ingresaste en Evoto. Relaci\u00f3n Original \u2013 El tama\u00f1o [&hellip;]<\/p>\n","protected":false},"author":7,"featured_media":0,"comment_status":"open","ping_status":"open","sticky":false,"template":"","format":"standard","meta":{"_crdt_document":"","inline_featured_image":false,"_uag_custom_page_level_css":"","footnotes":""},"categories":[296],"tags":[318],"class_list":["post-3118","post","type-post","status-publish","format-standard","hentry","category-sin-categoria","tag-pc-es"],"uagb_featured_image_src":{"full":false,"thumbnail":false,"medium":false,"medium_large":false,"large":false,"1536x1536":false,"2048x2048":false},"uagb_author_info":{"display_name":"federica","author_link":"https:\/\/support.evoto.ai\/es\/author\/federica\/"},"uagb_comment_info":0,"uagb_excerpt":"Evoto te permite recortar la imagen en tres tipos diferentes: relaci\u00f3n fija, tama\u00f1o libre o tama\u00f1o de entrada. Despu\u00e9s de terminar el recorte, haz clic en Aceptar en la esquina inferior derecha para guardar el resultado del recorte. Original \u2013 Puedes seleccionar el tama\u00f1o original como lo ingresaste en Evoto. Relaci\u00f3n Original \u2013 El tama\u00f1o&hellip;","_links":{"self":[{"href":"https:\/\/support.evoto.ai\/es\/wp-json\/wp\/v2\/posts\/3118","targetHints":{"allow":["GET"]}}],"collection":[{"href":"https:\/\/support.evoto.ai\/es\/wp-json\/wp\/v2\/posts"}],"about":[{"href":"https:\/\/support.evoto.ai\/es\/wp-json\/wp\/v2\/types\/post"}],"author":[{"embeddable":true,"href":"https:\/\/support.evoto.ai\/es\/wp-json\/wp\/v2\/users\/7"}],"replies":[{"embeddable":true,"href":"https:\/\/support.evoto.ai\/es\/wp-json\/wp\/v2\/comments?post=3118"}],"version-history":[{"count":3,"href":"https:\/\/support.evoto.ai\/es\/wp-json\/wp\/v2\/posts\/3118\/revisions"}],"predecessor-version":[{"id":10029,"href":"https:\/\/support.evoto.ai\/es\/wp-json\/wp\/v2\/posts\/3118\/revisions\/10029"}],"wp:attachment":[{"href":"https:\/\/support.evoto.ai\/es\/wp-json\/wp\/v2\/media?parent=3118"}],"wp:term":[{"taxonomy":"category","embeddable":true,"href":"https:\/\/support.evoto.ai\/es\/wp-json\/wp\/v2\/categories?post=3118"},{"taxonomy":"post_tag","embeddable":true,"href":"https:\/\/support.evoto.ai\/es\/wp-json\/wp\/v2\/tags?post=3118"}],"curies":[{"name":"wp","href":"https:\/\/api.w.org\/{rel}","templated":true}]}}