{"id":22055,"date":"2025-05-13T16:38:36","date_gmt":"2025-05-13T08:38:36","guid":{"rendered":"https:\/\/support.evoto.ai\/?p=22055"},"modified":"2025-12-18T17:14:22","modified_gmt":"2025-12-18T09:14:22","slug":"ipad-retoque-de-retrato-remodelacao-corporal-completa","status":"publish","type":"post","link":"https:\/\/support.evoto.ai\/pt-br\/ipad-retoque-de-retrato-remodelacao-corporal-completa\/","title":{"rendered":"Ipad Retoque de Retrato &#8211; Remodela\u00e7\u00e3o Corporal Completa"},"content":{"rendered":"\n<p style=\"font-weight: 400;\"><span style=\"font-size: 16px;\">O m\u00f3dulo <strong><b>Remodela\u00e7\u00e3o Corporal Completa<\/b><\/strong>\u00a0do Evoto utiliza intelig\u00eancia artificial avan\u00e7ada e posicionamento de pontos do esqueleto em 3D para aprimorar as propor\u00e7\u00f5es do corpo, preservando a apar\u00eancia natural. Os ajustes s\u00e3o aplicados de forma inteligente com base na postura e na composi\u00e7\u00e3o corporal, oferecendo desde corre\u00e7\u00f5es sutis at\u00e9 op\u00e7\u00f5es de remodelagem mais intensas.<\/span><\/p>\n<hr \/>\n<h1 style=\"font-weight: 400;\"><span style=\"font-size: 28px;\"><strong>Remodela\u00e7\u00e3o por IA<\/strong><\/span><\/h1>\n<p style=\"font-weight: 400;\"><span style=\"font-size: 16px;\">O Evoto combina o posicionamento de pontos do esqueleto em 3D com o reconhecimento de postura para gerar um efeito natural de afinamento ou aumento de volume. Esse recurso preserva o formato original do corpo e mant\u00e9m uma apar\u00eancia realista.<\/span><\/p>\n<blockquote>\n<p style=\"font-weight: 400;\"><span style=\"font-size: 16px;\"><em><strong>Observa\u00e7\u00e3o: A Remodela\u00e7\u00e3o por IA pode ser desativada automaticamente em fotos de grupo para evitar interfer\u00eancias causadas por figuras sobrepostas.<\/strong><\/em><\/span><\/p>\n<\/blockquote>\n<hr \/>\n<h1 style=\"font-weight: 400;\"><span style=\"font-size: 28px;\"><strong>Suavizar F\u00edsico<\/strong><\/span><\/h1>\n<p style=\"font-weight: 400;\"><span style=\"font-size: 16px;\">Esse recurso suaviza sali\u00eancias ou protuber\u00e2ncias n\u00e3o naturais em \u00e1reas do corpo (excluindo roupas), refinando o contorno corporal como um todo.<\/span><\/p>\n<ul>\n<li style=\"font-weight: 400;\"><span style=\"font-size: 16px;\">Funciona somente quando a <strong>Remodela\u00e7\u00e3o por IA<\/strong> est\u00e1 ativa com valor negativo (de \u20131 a \u2013100).<\/span><\/li>\n<li style=\"font-weight: 400;\"><span style=\"font-size: 16px;\">Para aplicar apenas a suaviza\u00e7\u00e3o sem afinamento, defina a <strong>Remodela\u00e7\u00e3o por IA<\/strong> em \u20131.<\/span><\/li>\n<\/ul>\n<p><img loading=\"lazy\" decoding=\"async\" class=\"alignnone  wp-image-17883\" src=\"https:\/\/support.evoto.ai\/wp-content\/uploads\/2025\/04\/corpo-1-300x182.jpg\" alt=\"\" width=\"373\" height=\"226\" srcset=\"https:\/\/support.evoto.ai\/wp-content\/uploads\/2025\/04\/corpo-1-300x182.jpg 300w, https:\/\/support.evoto.ai\/wp-content\/uploads\/2025\/04\/corpo-1.jpg 620w\" sizes=\"auto, (max-width: 373px) 100vw, 373px\" \/><\/p>\n<hr \/>\n<h1 style=\"font-weight: 400;\"><span style=\"font-size: 28px;\"><strong>Ajustes Corporais Individuais<\/strong><\/span><\/h1>\n<ul>\n<li style=\"font-weight: 400;\"><span style=\"font-size: 16px;\"><strong>Corpo<\/strong> \u2013 Ajusta a forma geral do corpo para uma apar\u00eancia mais esguia ou mais cheia. Tamb\u00e9m afeta sutilmente a propor\u00e7\u00e3o entre cabe\u00e7a e corpo.<\/span><\/li>\n<li style=\"font-weight: 400;\"><span style=\"font-size: 16px;\"><strong>Altura<\/strong> \u2013 Aumenta a altura total do corpo. <strong>(<\/strong><\/span><strong><em><span style=\"font-size: 16px;\">Observa\u00e7\u00e3o: pode ser desativado em imagens que n\u00e3o mostrem o corpo inteiro.)<\/span><\/em><\/strong><\/li>\n<li style=\"font-weight: 400;\"><span style=\"font-size: 16px;\"><strong>Cabe\u00e7a<\/strong> \u2013 Ajusta o tamanho da cabe\u00e7a (incluindo o cabelo). <strong><em>(<\/em><\/strong><\/span><strong><em><span style=\"font-size: 16px;\">Observa\u00e7\u00e3o: pode ser desativado em imagens de grupo.)<\/span><\/em><\/strong><\/li>\n<li style=\"font-weight: 400;\"><span style=\"font-size: 16px;\"><strong>Largura do Pesco\u00e7o<\/strong> \u2013 Ajusta as dimens\u00f5es do pesco\u00e7o. Suporta ajustes unificados ou individuais em cada lado.<\/span><\/li>\n<li style=\"font-weight: 400;\"><span style=\"font-size: 16px;\"><strong>Comprimento do Pesco\u00e7o<\/strong> \u2013 Intervalo: \u2013100 a +100 (padr\u00e3o: 0). Arraste para a esquerda para encurtar, para a direita para alongar.<\/span><\/li>\n<li style=\"font-weight: 400;\"><span style=\"font-size: 16px;\"><strong>Bra\u00e7os<\/strong> \u2013 Ajusta a espessura dos bra\u00e7os.<strong><em> (<\/em><\/strong><\/span><strong><em><span style=\"font-size: 16px;\">Observa\u00e7\u00e3o: pode ser desativado em imagens de grupo.)<\/span><\/em><\/strong><\/li>\n<li style=\"font-weight: 400;\"><span style=\"font-size: 16px;\"><strong>Seios<\/strong> \u2013 Redimensiona a \u00e1rea do busto usando o slider.<\/span><\/li>\n<li style=\"font-weight: 400;\"><span style=\"font-size: 16px;\"><strong> Cintura<\/strong> \u2013 Permite afinar ou ampliar a linha da cintura.<br data-start=\"110\" data-end=\"113\" \/><strong><em data-start=\"113\" data-end=\"291\">(Observa\u00e7\u00e3o: esta op\u00e7\u00e3o pode ficar desativada em imagens de grupo. Ela oferece suporte tanto para ajustes vinculados quanto para ajustes individuais em cada lado.)<\/em><\/strong><\/span><\/li>\n<li style=\"font-weight: 400;\"><span style=\"font-size: 16px;\"><strong>Quadris<\/strong> \u2013 Ajusta a largura dos quadris. Suporta ajustes unificados ou individuais em cada lado. <strong><em>(<\/em><\/strong><\/span><strong><em><span style=\"font-size: 16px;\">Observa\u00e7\u00e3o: pode ser desativado em imagens de grupo.)<\/span><\/em><\/strong><\/li>\n<li style=\"font-weight: 400;\"><span style=\"font-size: 16px;\"><strong>Largura das Pernas<\/strong> \u2013 Afina o formato das pernas. Pode estar indispon\u00edvel em fotos que n\u00e3o mostrem o corpo inteiro. <\/span><em><span style=\"font-size: 16px;\">(Nota: por padr\u00e3o, sem selecionar o \u00edcone Vincular , coxas e panturrilhas podem ser ajustadas separadamente. Ao ativar o \u00edcone de v\u00ednculo, um controle unificado substitui os individuais, sincronizando os ajustes para coxas e panturrilhas.)<\/span><\/em><\/li>\n<li style=\"font-weight: 400;\"><span style=\"font-size: 16px;\"><strong>Comprimento das Pernas<\/strong> \u2013 Aumenta o comprimento das pernas, equilibrando a propor\u00e7\u00e3o entre coxas e panturrilhas com base na propor\u00e7\u00e3o \u00e1urea (3:5). <\/span>\n<ul>\n<li style=\"font-weight: 400;\"><span style=\"font-size: 16px;\">Ao ativar o slider \u201cComprimento das Pernas\u201d, os sub-sliders para ajustes separados de <strong>coxas<\/strong> e <strong>panturrilhas<\/strong> s\u00e3o ativados. <\/span><\/li>\n<li style=\"font-weight: 400;\"><span style=\"font-size: 16px;\">Por padr\u00e3o, a propor\u00e7\u00e3o de alongamento entre coxas e panturrilhas \u00e9 definida em 80:100.<\/span><\/li>\n<\/ul>\n<\/li>\n<\/ul>\n","protected":false},"excerpt":{"rendered":"","protected":false},"author":20,"featured_media":0,"comment_status":"open","ping_status":"open","sticky":false,"template":"","format":"standard","meta":{"_crdt_document":"","inline_featured_image":false,"_uag_custom_page_level_css":"","footnotes":""},"categories":[444],"tags":[],"class_list":["post-22055","post","type-post","status-publish","format-standard","hentry","category-sem-categoria"],"uagb_featured_image_src":{"full":false,"thumbnail":false,"medium":false,"medium_large":false,"large":false,"1536x1536":false,"2048x2048":false},"uagb_author_info":{"display_name":"alicia","author_link":"https:\/\/support.evoto.ai\/pt-br\/author\/alicia\/"},"uagb_comment_info":0,"uagb_excerpt":null,"_links":{"self":[{"href":"https:\/\/support.evoto.ai\/pt-br\/wp-json\/wp\/v2\/posts\/22055","targetHints":{"allow":["GET"]}}],"collection":[{"href":"https:\/\/support.evoto.ai\/pt-br\/wp-json\/wp\/v2\/posts"}],"about":[{"href":"https:\/\/support.evoto.ai\/pt-br\/wp-json\/wp\/v2\/types\/post"}],"author":[{"embeddable":true,"href":"https:\/\/support.evoto.ai\/pt-br\/wp-json\/wp\/v2\/users\/20"}],"replies":[{"embeddable":true,"href":"https:\/\/support.evoto.ai\/pt-br\/wp-json\/wp\/v2\/comments?post=22055"}],"version-history":[{"count":7,"href":"https:\/\/support.evoto.ai\/pt-br\/wp-json\/wp\/v2\/posts\/22055\/revisions"}],"predecessor-version":[{"id":22074,"href":"https:\/\/support.evoto.ai\/pt-br\/wp-json\/wp\/v2\/posts\/22055\/revisions\/22074"}],"wp:attachment":[{"href":"https:\/\/support.evoto.ai\/pt-br\/wp-json\/wp\/v2\/media?parent=22055"}],"wp:term":[{"taxonomy":"category","embeddable":true,"href":"https:\/\/support.evoto.ai\/pt-br\/wp-json\/wp\/v2\/categories?post=22055"},{"taxonomy":"post_tag","embeddable":true,"href":"https:\/\/support.evoto.ai\/pt-br\/wp-json\/wp\/v2\/tags?post=22055"}],"curies":[{"name":"wp","href":"https:\/\/api.w.org\/{rel}","templated":true}]}}